{"id":4563,"date":"2022-10-31T11:32:23","date_gmt":"2022-10-31T14:32:23","guid":{"rendered":"https:\/\/obandeirante.com.br\/?p=4563"},"modified":"2022-10-31T11:32:23","modified_gmt":"2022-10-31T14:32:23","slug":"edital-de-convocacao","status":"publish","type":"post","link":"https:\/\/obandeirante.com.br\/?p=4563","title":{"rendered":"Edital de Convoca\u00e7\u00e3o"},"content":{"rendered":"\n<p class=\"wp-block-paragraph\">Associa\u00e7\u00e3o dos Pescadores de Boi\u00e7ucanga<\/p>\n\n\n\n<p class=\"wp-block-paragraph\">CNPJ N\u00ba 34.574.775\/0001-92<\/p>\n\n\n\n<p class=\"wp-block-paragraph\">Assembleia Geral Extraordin\u00e1ria<\/p>\n\n\n\n<p class=\"wp-block-paragraph\">O presidente da Associa\u00e7\u00e3o dos Pescadores de Boi\u00e7ucanga-APB&nbsp; convoca seus associados a participar da Assembleia Geral Extraordin\u00e1ria, a ser realizada no dia 16 de novembro de 2022, na sua sede, localizada \u00e0 Rua Hilari\u00e3o Cris\u00f3logo de Matos, s\/n, Rancho dos Pescadores- Boi\u00e7ucanga, S\u00e3o Sebasti\u00e3o -SP, Cep: 11618-000, \u00e0s 18 Horas (em 1\u00ba convoca\u00e7\u00e3o) e as 19:00 horas (em 2\u00ba convoca\u00e7\u00e3o), para delibera\u00e7\u00e3o sobre a seguinte Pauta:<\/p>\n\n\n\n<p class=\"wp-block-paragraph\">1-) Altera\u00e7\u00e3o do Estatuto<\/p>\n\n\n\n<p class=\"wp-block-paragraph\">S\u00e3o Sebasti\u00e3o, 31 de outubro de 2022.<\/p>\n\n\n\n<p class=\"wp-block-paragraph\">Ademil Fl\u00e1vio de Matos<\/p>\n\n\n\n<p class=\"wp-block-paragraph\">Presidente da APB<\/p>\n\n\n\n<p class=\"wp-block-paragraph\"><\/p>\n","protected":false},"excerpt":{"rendered":"<p>Associa\u00e7\u00e3o dos Pescadores de Boi\u00e7ucanga CNPJ N\u00ba 34.574.775\/0001-92 Assembleia Geral Extraordin\u00e1ria O presidente da Associa\u00e7\u00e3o dos Pescadores de Boi\u00e7ucanga-APB&nbsp; convoca seus associados a participar da Assembleia Geral Extraordin\u00e1ria, a ser realizada no dia 16 de novembro de 2022, na sua sede, localizada \u00e0 Rua Hilari\u00e3o Cris\u00f3logo de Matos, s\/n, Rancho dos Pescadores- Boi\u00e7ucanga, S\u00e3o Sebasti\u00e3o [&hellip;]<\/p>\n","protected":false},"author":2,"featured_media":0,"comment_status":"open","ping_status":"open","sticky":false,"template":"","format":"standard","meta":{"_jetpack_newsletter_access":"","_jetpack_dont_email_post_to_subs":false,"_jetpack_newsletter_tier_id":0,"_jetpack_memberships_contains_paywalled_content":false,"_jetpack_feature_clip_id":0,"_jetpack_memberships_contains_paid_content":false,"footnotes":"","jetpack_publicize_message":"","jetpack_publicize_feature_enabled":true,"jetpack_social_post_already_shared":true,"jetpack_social_options":{"image_generator_settings":{"template":"highway","default_image_id":0,"font":"","enabled":false},"version":2},"jetpack_post_was_ever_published":false},"categories":[1],"tags":[],"class_list":["post-4563","post","type-post","status-publish","format-standard","hentry","category-noticias"],"yoast_head":"<!-- This site is optimized with the Yoast SEO plugin v28.3 - https:\/\/yoast.com\/product\/yoast-seo-wordpress\/ -->\n<title>Edital de Convoca\u00e7\u00e3o - O Bandeirante<\/title>\n<meta name=\"robots\" content=\"index, follow, max-snippet:-1, max-image-preview:large, max-video-preview:-1\" \/>\n<link rel=\"canonical\" href=\"https:\/\/obandeirante.com.br\/?p=4563\" \/>\n<meta property=\"og:locale\" content=\"pt_BR\" \/>\n<meta property=\"og:type\" content=\"article\" \/>\n<meta property=\"og:title\" content=\"Edital de Convoca\u00e7\u00e3o - O Bandeirante\" \/>\n<meta property=\"og:description\" content=\"Associa\u00e7\u00e3o dos Pescadores de Boi\u00e7ucanga CNPJ N\u00ba 34.574.775\/0001-92 Assembleia Geral Extraordin\u00e1ria O presidente da Associa\u00e7\u00e3o dos Pescadores de Boi\u00e7ucanga-APB&nbsp; convoca seus associados a participar da Assembleia Geral Extraordin\u00e1ria, a ser realizada no dia 16 de novembro de 2022, na sua sede, localizada \u00e0 Rua Hilari\u00e3o Cris\u00f3logo de Matos, s\/n, Rancho dos Pescadores- Boi\u00e7ucanga, S\u00e3o Sebasti\u00e3o [&hellip;]\" \/>\n<meta property=\"og:url\" content=\"https:\/\/obandeirante.com.br\/?p=4563\" \/>\n<meta property=\"og:site_name\" content=\"O Bandeirante\" \/>\n<meta property=\"article:published_time\" content=\"2022-10-31T14:32:23+00:00\" \/>\n<meta name=\"author\" content=\"Luzia Prado\" \/>\n<meta name=\"twitter:card\" content=\"summary_large_image\" \/>\n<meta name=\"twitter:label1\" content=\"Written by\" \/>\n\t<meta name=\"twitter:data1\" content=\"Luzia Prado\" \/>\n\t<meta name=\"twitter:label2\" content=\"Est. reading time\" \/>\n\t<meta name=\"twitter:data2\" content=\"1 minuto\" \/>\n<script type=\"application\/ld+json\" class=\"yoast-schema-graph\">{\"@context\":\"https:\\\/\\\/schema.org\",\"@graph\":[{\"@type\":\"Article\",\"@id\":\"https:\\\/\\\/obandeirante.com.br\\\/?p=4563#article\",\"isPartOf\":{\"@id\":\"https:\\\/\\\/obandeirante.com.br\\\/?p=4563\"},\"author\":{\"name\":\"Luzia Prado\",\"@id\":\"https:\\\/\\\/obandeirante.com.br\\\/#\\\/schema\\\/person\\\/d2124cbf4e064c6415fc29024d82b0c5\"},\"headline\":\"Edital de Convoca\u00e7\u00e3o\",\"datePublished\":\"2022-10-31T14:32:23+00:00\",\"mainEntityOfPage\":{\"@id\":\"https:\\\/\\\/obandeirante.com.br\\\/?p=4563\"},\"wordCount\":110,\"commentCount\":0,\"articleSection\":[\"Not\u00edcias\"],\"inLanguage\":\"pt-BR\",\"potentialAction\":[{\"@type\":\"CommentAction\",\"name\":\"Comment\",\"target\":[\"https:\\\/\\\/obandeirante.com.br\\\/?p=4563#respond\"]}]},{\"@type\":\"WebPage\",\"@id\":\"https:\\\/\\\/obandeirante.com.br\\\/?p=4563\",\"url\":\"https:\\\/\\\/obandeirante.com.br\\\/?p=4563\",\"name\":\"Edital de Convoca\u00e7\u00e3o - O Bandeirante\",\"isPartOf\":{\"@id\":\"https:\\\/\\\/obandeirante.com.br\\\/#website\"},\"datePublished\":\"2022-10-31T14:32:23+00:00\",\"author\":{\"@id\":\"https:\\\/\\\/obandeirante.com.br\\\/#\\\/schema\\\/person\\\/d2124cbf4e064c6415fc29024d82b0c5\"},\"breadcrumb\":{\"@id\":\"https:\\\/\\\/obandeirante.com.br\\\/?p=4563#breadcrumb\"},\"inLanguage\":\"pt-BR\",\"potentialAction\":[{\"@type\":\"ReadAction\",\"target\":[\"https:\\\/\\\/obandeirante.com.br\\\/?p=4563\"]}]},{\"@type\":\"BreadcrumbList\",\"@id\":\"https:\\\/\\\/obandeirante.com.br\\\/?p=4563#breadcrumb\",\"itemListElement\":[{\"@type\":\"ListItem\",\"position\":1,\"name\":\"Home\",\"item\":\"https:\\\/\\\/obandeirante.com.br\\\/\"},{\"@type\":\"ListItem\",\"position\":2,\"name\":\"Edital de Convoca\u00e7\u00e3o\"}]},{\"@type\":\"WebSite\",\"@id\":\"https:\\\/\\\/obandeirante.com.br\\\/#website\",\"url\":\"https:\\\/\\\/obandeirante.com.br\\\/\",\"name\":\"O Bandeirante\",\"description\":\"O jornal de S\u00e3o Sebasti\u00e3o e Litoral Norte\",\"potentialAction\":[{\"@type\":\"SearchAction\",\"target\":{\"@type\":\"EntryPoint\",\"urlTemplate\":\"https:\\\/\\\/obandeirante.com.br\\\/?s={search_term_string}\"},\"query-input\":{\"@type\":\"PropertyValueSpecification\",\"valueRequired\":true,\"valueName\":\"search_term_string\"}}],\"inLanguage\":\"pt-BR\"},{\"@type\":\"Person\",\"@id\":\"https:\\\/\\\/obandeirante.com.br\\\/#\\\/schema\\\/person\\\/d2124cbf4e064c6415fc29024d82b0c5\",\"name\":\"Luzia Prado\",\"image\":{\"@type\":\"ImageObject\",\"inLanguage\":\"pt-BR\",\"@id\":\"https:\\\/\\\/secure.gravatar.com\\\/avatar\\\/91b344e1dbaefb6ba36ff2b02042a006ce40f7451110486c2719dcbeb77e6f6f?s=96&d=mm&r=g\",\"url\":\"https:\\\/\\\/secure.gravatar.com\\\/avatar\\\/91b344e1dbaefb6ba36ff2b02042a006ce40f7451110486c2719dcbeb77e6f6f?s=96&d=mm&r=g\",\"contentUrl\":\"https:\\\/\\\/secure.gravatar.com\\\/avatar\\\/91b344e1dbaefb6ba36ff2b02042a006ce40f7451110486c2719dcbeb77e6f6f?s=96&d=mm&r=g\",\"caption\":\"Luzia Prado\"},\"sameAs\":[\"http:\\\/\\\/www.obandeirante.com.br\"],\"url\":\"https:\\\/\\\/obandeirante.com.br\\\/?author=2\"}]}<\/script>\n<!-- \/ Yoast SEO plugin. -->","yoast_head_json":{"title":"Edital de Convoca\u00e7\u00e3o - O Bandeirante","robots":{"index":"index","follow":"follow","max-snippet":"max-snippet:-1","max-image-preview":"max-image-preview:large","max-video-preview":"max-video-preview:-1"},"canonical":"https:\/\/obandeirante.com.br\/?p=4563","og_locale":"pt_BR","og_type":"article","og_title":"Edital de Convoca\u00e7\u00e3o - O Bandeirante","og_description":"Associa\u00e7\u00e3o dos Pescadores de Boi\u00e7ucanga CNPJ N\u00ba 34.574.775\/0001-92 Assembleia Geral Extraordin\u00e1ria O presidente da Associa\u00e7\u00e3o dos Pescadores de Boi\u00e7ucanga-APB&nbsp; convoca seus associados a participar da Assembleia Geral Extraordin\u00e1ria, a ser realizada no dia 16 de novembro de 2022, na sua sede, localizada \u00e0 Rua Hilari\u00e3o Cris\u00f3logo de Matos, s\/n, Rancho dos Pescadores- Boi\u00e7ucanga, S\u00e3o Sebasti\u00e3o [&hellip;]","og_url":"https:\/\/obandeirante.com.br\/?p=4563","og_site_name":"O Bandeirante","article_published_time":"2022-10-31T14:32:23+00:00","author":"Luzia Prado","twitter_card":"summary_large_image","twitter_misc":{"Written by":"Luzia Prado","Est. reading time":"1 minuto"},"schema":{"@context":"https:\/\/schema.org","@graph":[{"@type":"Article","@id":"https:\/\/obandeirante.com.br\/?p=4563#article","isPartOf":{"@id":"https:\/\/obandeirante.com.br\/?p=4563"},"author":{"name":"Luzia Prado","@id":"https:\/\/obandeirante.com.br\/#\/schema\/person\/d2124cbf4e064c6415fc29024d82b0c5"},"headline":"Edital de Convoca\u00e7\u00e3o","datePublished":"2022-10-31T14:32:23+00:00","mainEntityOfPage":{"@id":"https:\/\/obandeirante.com.br\/?p=4563"},"wordCount":110,"commentCount":0,"articleSection":["Not\u00edcias"],"inLanguage":"pt-BR","potentialAction":[{"@type":"CommentAction","name":"Comment","target":["https:\/\/obandeirante.com.br\/?p=4563#respond"]}]},{"@type":"WebPage","@id":"https:\/\/obandeirante.com.br\/?p=4563","url":"https:\/\/obandeirante.com.br\/?p=4563","name":"Edital de Convoca\u00e7\u00e3o - O Bandeirante","isPartOf":{"@id":"https:\/\/obandeirante.com.br\/#website"},"datePublished":"2022-10-31T14:32:23+00:00","author":{"@id":"https:\/\/obandeirante.com.br\/#\/schema\/person\/d2124cbf4e064c6415fc29024d82b0c5"},"breadcrumb":{"@id":"https:\/\/obandeirante.com.br\/?p=4563#breadcrumb"},"inLanguage":"pt-BR","potentialAction":[{"@type":"ReadAction","target":["https:\/\/obandeirante.com.br\/?p=4563"]}]},{"@type":"BreadcrumbList","@id":"https:\/\/obandeirante.com.br\/?p=4563#breadcrumb","itemListElement":[{"@type":"ListItem","position":1,"name":"Home","item":"https:\/\/obandeirante.com.br\/"},{"@type":"ListItem","position":2,"name":"Edital de Convoca\u00e7\u00e3o"}]},{"@type":"WebSite","@id":"https:\/\/obandeirante.com.br\/#website","url":"https:\/\/obandeirante.com.br\/","name":"O Bandeirante","description":"O jornal de S\u00e3o Sebasti\u00e3o e Litoral Norte","potentialAction":[{"@type":"SearchAction","target":{"@type":"EntryPoint","urlTemplate":"https:\/\/obandeirante.com.br\/?s={search_term_string}"},"query-input":{"@type":"PropertyValueSpecification","valueRequired":true,"valueName":"search_term_string"}}],"inLanguage":"pt-BR"},{"@type":"Person","@id":"https:\/\/obandeirante.com.br\/#\/schema\/person\/d2124cbf4e064c6415fc29024d82b0c5","name":"Luzia Prado","image":{"@type":"ImageObject","inLanguage":"pt-BR","@id":"https:\/\/secure.gravatar.com\/avatar\/91b344e1dbaefb6ba36ff2b02042a006ce40f7451110486c2719dcbeb77e6f6f?s=96&d=mm&r=g","url":"https:\/\/secure.gravatar.com\/avatar\/91b344e1dbaefb6ba36ff2b02042a006ce40f7451110486c2719dcbeb77e6f6f?s=96&d=mm&r=g","contentUrl":"https:\/\/secure.gravatar.com\/avatar\/91b344e1dbaefb6ba36ff2b02042a006ce40f7451110486c2719dcbeb77e6f6f?s=96&d=mm&r=g","caption":"Luzia Prado"},"sameAs":["http:\/\/www.obandeirante.com.br"],"url":"https:\/\/obandeirante.com.br\/?author=2"}]}},"jetpack_publicize_connections":[],"jetpack_sharing_enabled":true,"jetpack_shortlink":"https:\/\/wp.me\/p8C55D-1bB","jetpack-related-posts":[],"jetpack_featured_media_url":"","_links":{"self":[{"href":"https:\/\/obandeirante.com.br\/index.php?rest_route=\/wp\/v2\/posts\/4563","targetHints":{"allow":["GET"]}}],"collection":[{"href":"https:\/\/obandeirante.com.br\/index.php?rest_route=\/wp\/v2\/posts"}],"about":[{"href":"https:\/\/obandeirante.com.br\/index.php?rest_route=\/wp\/v2\/types\/post"}],"author":[{"embeddable":true,"href":"https:\/\/obandeirante.com.br\/index.php?rest_route=\/wp\/v2\/users\/2"}],"replies":[{"embeddable":true,"href":"https:\/\/obandeirante.com.br\/index.php?rest_route=%2Fwp%2Fv2%2Fcomments&post=4563"}],"version-history":[{"count":1,"href":"https:\/\/obandeirante.com.br\/index.php?rest_route=\/wp\/v2\/posts\/4563\/revisions"}],"predecessor-version":[{"id":4564,"href":"https:\/\/obandeirante.com.br\/index.php?rest_route=\/wp\/v2\/posts\/4563\/revisions\/4564"}],"wp:attachment":[{"href":"https:\/\/obandeirante.com.br\/index.php?rest_route=%2Fwp%2Fv2%2Fmedia&parent=4563"}],"wp:term":[{"taxonomy":"category","embeddable":true,"href":"https:\/\/obandeirante.com.br\/index.php?rest_route=%2Fwp%2Fv2%2Fcategories&post=4563"},{"taxonomy":"post_tag","embeddable":true,"href":"https:\/\/obandeirante.com.br\/index.php?rest_route=%2Fwp%2Fv2%2Ftags&post=4563"}],"curies":[{"name":"wp","href":"https:\/\/api.w.org\/{rel}","templated":true}]}}