{"id":4568,"date":"2023-01-19T01:28:08","date_gmt":"2023-01-19T04:28:08","guid":{"rendered":"https:\/\/obandeirante.com.br\/?p=4568"},"modified":"2023-01-19T01:28:08","modified_gmt":"2023-01-19T04:28:08","slug":"edital-de-convocacao-2","status":"publish","type":"post","link":"https:\/\/obandeirante.com.br\/?p=4568","title":{"rendered":"Edital de Convoca\u00e7\u00e3o"},"content":{"rendered":"\n<p class=\"wp-block-paragraph\"><strong>Assembleia Geral Ordin\u00e1ria<\/strong><\/p>\n\n\n\n<p class=\"wp-block-paragraph\">O presidente da Associa\u00e7\u00e3o dos Pescadores de Boi\u00e7ucanga \u2013 APB, convoca seus associados a participar da Assembleia Geral Extraordin\u00e1ria a ser realizada no dia 03 de fevereiro de 2023, na sua sede, localizada \u00e0 Rua Hilari\u00e3o Cris\u00f3logo de Matos, s\/n Rancho dos Pescadores \u2013 Boi\u00e7ucanga, S\u00e3o Sebasti\u00e3o \u2013 SP, Cep: 11.618.000, \u00e1s 18horas (em 1\u00aa convoca\u00e7\u00e3o) e \u00e0s 19 horas (em 2\u00aa convoca\u00e7\u00e3o) para a delibera\u00e7\u00e3o da seguinte Pauta:<\/p>\n\n\n\n<p class=\"wp-block-paragraph\">1-) Apreciar as contas da institui\u00e7\u00e3o e deliberar sobre demonstra\u00e7\u00f5es financeiras<\/p>\n\n\n\n<p class=\"wp-block-paragraph\">2-) Aprovar o regimento interno e ratificar as altera\u00e7\u00f5es promovidas<\/p>\n\n\n\n<p class=\"wp-block-paragraph\">3-)Aprovar substitui\u00e7\u00e3o de membros da diretoria<\/p>\n\n\n\n<p class=\"wp-block-paragraph\">S\u00e3o Sebasti\u00e3o, 18 de janeiro de 2023<\/p>\n\n\n\n<p class=\"wp-block-paragraph\">Ademil Fl\u00e1vio de Matos<\/p>\n\n\n\n<p class=\"wp-block-paragraph\">Presidente da APB<\/p>\n","protected":false},"excerpt":{"rendered":"<p>Assembleia Geral Ordin\u00e1ria O presidente da Associa\u00e7\u00e3o dos Pescadores de Boi\u00e7ucanga \u2013 APB, convoca seus associados a participar da Assembleia Geral Extraordin\u00e1ria a ser realizada no dia 03 de fevereiro de 2023, na sua sede, localizada \u00e0 Rua Hilari\u00e3o Cris\u00f3logo de Matos, s\/n Rancho dos Pescadores \u2013 Boi\u00e7ucanga, S\u00e3o Sebasti\u00e3o \u2013 SP, Cep: 11.618.000, \u00e1s [&hellip;]<\/p>\n","protected":false},"author":2,"featured_media":0,"comment_status":"open","ping_status":"open","sticky":false,"template":"","format":"standard","meta":{"_jetpack_newsletter_access":"","_jetpack_dont_email_post_to_subs":false,"_jetpack_newsletter_tier_id":0,"_jetpack_memberships_contains_paywalled_content":false,"_jetpack_feature_clip_id":0,"_jetpack_memberships_contains_paid_content":false,"footnotes":"","jetpack_publicize_message":"","jetpack_publicize_feature_enabled":true,"jetpack_social_post_already_shared":true,"jetpack_social_options":{"image_generator_settings":{"template":"highway","default_image_id":0,"font":"","enabled":false},"version":2},"jetpack_post_was_ever_published":false},"categories":[1],"tags":[],"class_list":["post-4568","post","type-post","status-publish","format-standard","hentry","category-noticias"],"yoast_head":"<!-- This site is optimized with the Yoast SEO plugin v28.3 - https:\/\/yoast.com\/product\/yoast-seo-wordpress\/ -->\n<title>Edital de Convoca\u00e7\u00e3o - O Bandeirante<\/title>\n<meta name=\"robots\" content=\"index, follow, max-snippet:-1, max-image-preview:large, max-video-preview:-1\" \/>\n<link rel=\"canonical\" href=\"https:\/\/obandeirante.com.br\/?p=4568\" \/>\n<meta property=\"og:locale\" content=\"pt_BR\" \/>\n<meta property=\"og:type\" content=\"article\" \/>\n<meta property=\"og:title\" content=\"Edital de Convoca\u00e7\u00e3o - O Bandeirante\" \/>\n<meta property=\"og:description\" content=\"Assembleia Geral Ordin\u00e1ria O presidente da Associa\u00e7\u00e3o dos Pescadores de Boi\u00e7ucanga \u2013 APB, convoca seus associados a participar da Assembleia Geral Extraordin\u00e1ria a ser realizada no dia 03 de fevereiro de 2023, na sua sede, localizada \u00e0 Rua Hilari\u00e3o Cris\u00f3logo de Matos, s\/n Rancho dos Pescadores \u2013 Boi\u00e7ucanga, S\u00e3o Sebasti\u00e3o \u2013 SP, Cep: 11.618.000, \u00e1s [&hellip;]\" \/>\n<meta property=\"og:url\" content=\"https:\/\/obandeirante.com.br\/?p=4568\" \/>\n<meta property=\"og:site_name\" content=\"O Bandeirante\" \/>\n<meta property=\"article:published_time\" content=\"2023-01-19T04:28:08+00:00\" \/>\n<meta name=\"author\" content=\"Luzia Prado\" \/>\n<meta name=\"twitter:card\" content=\"summary_large_image\" \/>\n<meta name=\"twitter:label1\" content=\"Written by\" \/>\n\t<meta name=\"twitter:data1\" content=\"Luzia Prado\" \/>\n\t<meta name=\"twitter:label2\" content=\"Est. reading time\" \/>\n\t<meta name=\"twitter:data2\" content=\"1 minuto\" \/>\n<script type=\"application\/ld+json\" class=\"yoast-schema-graph\">{\"@context\":\"https:\\\/\\\/schema.org\",\"@graph\":[{\"@type\":\"Article\",\"@id\":\"https:\\\/\\\/obandeirante.com.br\\\/?p=4568#article\",\"isPartOf\":{\"@id\":\"https:\\\/\\\/obandeirante.com.br\\\/?p=4568\"},\"author\":{\"name\":\"Luzia Prado\",\"@id\":\"https:\\\/\\\/obandeirante.com.br\\\/#\\\/schema\\\/person\\\/d2124cbf4e064c6415fc29024d82b0c5\"},\"headline\":\"Edital de Convoca\u00e7\u00e3o\",\"datePublished\":\"2023-01-19T04:28:08+00:00\",\"mainEntityOfPage\":{\"@id\":\"https:\\\/\\\/obandeirante.com.br\\\/?p=4568\"},\"wordCount\":126,\"commentCount\":0,\"articleSection\":[\"Not\u00edcias\"],\"inLanguage\":\"pt-BR\",\"potentialAction\":[{\"@type\":\"CommentAction\",\"name\":\"Comment\",\"target\":[\"https:\\\/\\\/obandeirante.com.br\\\/?p=4568#respond\"]}]},{\"@type\":\"WebPage\",\"@id\":\"https:\\\/\\\/obandeirante.com.br\\\/?p=4568\",\"url\":\"https:\\\/\\\/obandeirante.com.br\\\/?p=4568\",\"name\":\"Edital de Convoca\u00e7\u00e3o - O Bandeirante\",\"isPartOf\":{\"@id\":\"https:\\\/\\\/obandeirante.com.br\\\/#website\"},\"datePublished\":\"2023-01-19T04:28:08+00:00\",\"author\":{\"@id\":\"https:\\\/\\\/obandeirante.com.br\\\/#\\\/schema\\\/person\\\/d2124cbf4e064c6415fc29024d82b0c5\"},\"breadcrumb\":{\"@id\":\"https:\\\/\\\/obandeirante.com.br\\\/?p=4568#breadcrumb\"},\"inLanguage\":\"pt-BR\",\"potentialAction\":[{\"@type\":\"ReadAction\",\"target\":[\"https:\\\/\\\/obandeirante.com.br\\\/?p=4568\"]}]},{\"@type\":\"BreadcrumbList\",\"@id\":\"https:\\\/\\\/obandeirante.com.br\\\/?p=4568#breadcrumb\",\"itemListElement\":[{\"@type\":\"ListItem\",\"position\":1,\"name\":\"Home\",\"item\":\"https:\\\/\\\/obandeirante.com.br\\\/\"},{\"@type\":\"ListItem\",\"position\":2,\"name\":\"Edital de Convoca\u00e7\u00e3o\"}]},{\"@type\":\"WebSite\",\"@id\":\"https:\\\/\\\/obandeirante.com.br\\\/#website\",\"url\":\"https:\\\/\\\/obandeirante.com.br\\\/\",\"name\":\"O Bandeirante\",\"description\":\"O jornal de S\u00e3o Sebasti\u00e3o e Litoral Norte\",\"potentialAction\":[{\"@type\":\"SearchAction\",\"target\":{\"@type\":\"EntryPoint\",\"urlTemplate\":\"https:\\\/\\\/obandeirante.com.br\\\/?s={search_term_string}\"},\"query-input\":{\"@type\":\"PropertyValueSpecification\",\"valueRequired\":true,\"valueName\":\"search_term_string\"}}],\"inLanguage\":\"pt-BR\"},{\"@type\":\"Person\",\"@id\":\"https:\\\/\\\/obandeirante.com.br\\\/#\\\/schema\\\/person\\\/d2124cbf4e064c6415fc29024d82b0c5\",\"name\":\"Luzia Prado\",\"image\":{\"@type\":\"ImageObject\",\"inLanguage\":\"pt-BR\",\"@id\":\"https:\\\/\\\/secure.gravatar.com\\\/avatar\\\/91b344e1dbaefb6ba36ff2b02042a006ce40f7451110486c2719dcbeb77e6f6f?s=96&d=mm&r=g\",\"url\":\"https:\\\/\\\/secure.gravatar.com\\\/avatar\\\/91b344e1dbaefb6ba36ff2b02042a006ce40f7451110486c2719dcbeb77e6f6f?s=96&d=mm&r=g\",\"contentUrl\":\"https:\\\/\\\/secure.gravatar.com\\\/avatar\\\/91b344e1dbaefb6ba36ff2b02042a006ce40f7451110486c2719dcbeb77e6f6f?s=96&d=mm&r=g\",\"caption\":\"Luzia Prado\"},\"sameAs\":[\"http:\\\/\\\/www.obandeirante.com.br\"],\"url\":\"https:\\\/\\\/obandeirante.com.br\\\/?author=2\"}]}<\/script>\n<!-- \/ Yoast SEO plugin. -->","yoast_head_json":{"title":"Edital de Convoca\u00e7\u00e3o - O Bandeirante","robots":{"index":"index","follow":"follow","max-snippet":"max-snippet:-1","max-image-preview":"max-image-preview:large","max-video-preview":"max-video-preview:-1"},"canonical":"https:\/\/obandeirante.com.br\/?p=4568","og_locale":"pt_BR","og_type":"article","og_title":"Edital de Convoca\u00e7\u00e3o - O Bandeirante","og_description":"Assembleia Geral Ordin\u00e1ria O presidente da Associa\u00e7\u00e3o dos Pescadores de Boi\u00e7ucanga \u2013 APB, convoca seus associados a participar da Assembleia Geral Extraordin\u00e1ria a ser realizada no dia 03 de fevereiro de 2023, na sua sede, localizada \u00e0 Rua Hilari\u00e3o Cris\u00f3logo de Matos, s\/n Rancho dos Pescadores \u2013 Boi\u00e7ucanga, S\u00e3o Sebasti\u00e3o \u2013 SP, Cep: 11.618.000, \u00e1s [&hellip;]","og_url":"https:\/\/obandeirante.com.br\/?p=4568","og_site_name":"O Bandeirante","article_published_time":"2023-01-19T04:28:08+00:00","author":"Luzia Prado","twitter_card":"summary_large_image","twitter_misc":{"Written by":"Luzia Prado","Est. reading time":"1 minuto"},"schema":{"@context":"https:\/\/schema.org","@graph":[{"@type":"Article","@id":"https:\/\/obandeirante.com.br\/?p=4568#article","isPartOf":{"@id":"https:\/\/obandeirante.com.br\/?p=4568"},"author":{"name":"Luzia Prado","@id":"https:\/\/obandeirante.com.br\/#\/schema\/person\/d2124cbf4e064c6415fc29024d82b0c5"},"headline":"Edital de Convoca\u00e7\u00e3o","datePublished":"2023-01-19T04:28:08+00:00","mainEntityOfPage":{"@id":"https:\/\/obandeirante.com.br\/?p=4568"},"wordCount":126,"commentCount":0,"articleSection":["Not\u00edcias"],"inLanguage":"pt-BR","potentialAction":[{"@type":"CommentAction","name":"Comment","target":["https:\/\/obandeirante.com.br\/?p=4568#respond"]}]},{"@type":"WebPage","@id":"https:\/\/obandeirante.com.br\/?p=4568","url":"https:\/\/obandeirante.com.br\/?p=4568","name":"Edital de Convoca\u00e7\u00e3o - O Bandeirante","isPartOf":{"@id":"https:\/\/obandeirante.com.br\/#website"},"datePublished":"2023-01-19T04:28:08+00:00","author":{"@id":"https:\/\/obandeirante.com.br\/#\/schema\/person\/d2124cbf4e064c6415fc29024d82b0c5"},"breadcrumb":{"@id":"https:\/\/obandeirante.com.br\/?p=4568#breadcrumb"},"inLanguage":"pt-BR","potentialAction":[{"@type":"ReadAction","target":["https:\/\/obandeirante.com.br\/?p=4568"]}]},{"@type":"BreadcrumbList","@id":"https:\/\/obandeirante.com.br\/?p=4568#breadcrumb","itemListElement":[{"@type":"ListItem","position":1,"name":"Home","item":"https:\/\/obandeirante.com.br\/"},{"@type":"ListItem","position":2,"name":"Edital de Convoca\u00e7\u00e3o"}]},{"@type":"WebSite","@id":"https:\/\/obandeirante.com.br\/#website","url":"https:\/\/obandeirante.com.br\/","name":"O Bandeirante","description":"O jornal de S\u00e3o Sebasti\u00e3o e Litoral Norte","potentialAction":[{"@type":"SearchAction","target":{"@type":"EntryPoint","urlTemplate":"https:\/\/obandeirante.com.br\/?s={search_term_string}"},"query-input":{"@type":"PropertyValueSpecification","valueRequired":true,"valueName":"search_term_string"}}],"inLanguage":"pt-BR"},{"@type":"Person","@id":"https:\/\/obandeirante.com.br\/#\/schema\/person\/d2124cbf4e064c6415fc29024d82b0c5","name":"Luzia Prado","image":{"@type":"ImageObject","inLanguage":"pt-BR","@id":"https:\/\/secure.gravatar.com\/avatar\/91b344e1dbaefb6ba36ff2b02042a006ce40f7451110486c2719dcbeb77e6f6f?s=96&d=mm&r=g","url":"https:\/\/secure.gravatar.com\/avatar\/91b344e1dbaefb6ba36ff2b02042a006ce40f7451110486c2719dcbeb77e6f6f?s=96&d=mm&r=g","contentUrl":"https:\/\/secure.gravatar.com\/avatar\/91b344e1dbaefb6ba36ff2b02042a006ce40f7451110486c2719dcbeb77e6f6f?s=96&d=mm&r=g","caption":"Luzia Prado"},"sameAs":["http:\/\/www.obandeirante.com.br"],"url":"https:\/\/obandeirante.com.br\/?author=2"}]}},"jetpack_publicize_connections":[],"jetpack_sharing_enabled":true,"jetpack_shortlink":"https:\/\/wp.me\/p8C55D-1bG","jetpack-related-posts":[],"jetpack_featured_media_url":"","_links":{"self":[{"href":"https:\/\/obandeirante.com.br\/index.php?rest_route=\/wp\/v2\/posts\/4568","targetHints":{"allow":["GET"]}}],"collection":[{"href":"https:\/\/obandeirante.com.br\/index.php?rest_route=\/wp\/v2\/posts"}],"about":[{"href":"https:\/\/obandeirante.com.br\/index.php?rest_route=\/wp\/v2\/types\/post"}],"author":[{"embeddable":true,"href":"https:\/\/obandeirante.com.br\/index.php?rest_route=\/wp\/v2\/users\/2"}],"replies":[{"embeddable":true,"href":"https:\/\/obandeirante.com.br\/index.php?rest_route=%2Fwp%2Fv2%2Fcomments&post=4568"}],"version-history":[{"count":1,"href":"https:\/\/obandeirante.com.br\/index.php?rest_route=\/wp\/v2\/posts\/4568\/revisions"}],"predecessor-version":[{"id":4569,"href":"https:\/\/obandeirante.com.br\/index.php?rest_route=\/wp\/v2\/posts\/4568\/revisions\/4569"}],"wp:attachment":[{"href":"https:\/\/obandeirante.com.br\/index.php?rest_route=%2Fwp%2Fv2%2Fmedia&parent=4568"}],"wp:term":[{"taxonomy":"category","embeddable":true,"href":"https:\/\/obandeirante.com.br\/index.php?rest_route=%2Fwp%2Fv2%2Fcategories&post=4568"},{"taxonomy":"post_tag","embeddable":true,"href":"https:\/\/obandeirante.com.br\/index.php?rest_route=%2Fwp%2Fv2%2Ftags&post=4568"}],"curies":[{"name":"wp","href":"https:\/\/api.w.org\/{rel}","templated":true}]}}