{"id":4574,"date":"2025-02-12T18:12:32","date_gmt":"2025-02-12T21:12:32","guid":{"rendered":"https:\/\/obandeirante.com.br\/?p=4574"},"modified":"2025-02-12T18:12:32","modified_gmt":"2025-02-12T21:12:32","slug":"edital-de-convocacao-das-eleicoes-de-diretores-da-associacao-dos-pescadores-de-boicucanga-sao-sebastiao-sp-para-o-trenio-2025-2028","status":"publish","type":"post","link":"https:\/\/obandeirante.com.br\/?p=4574","title":{"rendered":"Edital de convoca\u00e7\u00e3o das elei\u00e7\u00f5es de Diretores da Associa\u00e7\u00e3o dos Pescadores de Boi\u00e7ucanga, S\u00e3o Sebasti\u00e3o-SP para o tr\u00eanio 2025\/2028"},"content":{"rendered":"\n<p class=\"wp-block-paragraph\">As elei\u00e7\u00f5es para a escolha dos membros da Diretoria e do Conselho Fiscal, da Associa\u00e7\u00e3o dos Pescadores de Boi\u00e7ucanga, para mandato de 03 (tr\u00eas) anos, ser\u00e3o realizadas nos seguintes termos:<\/p>\n\n\n\n<ol class=\"wp-block-list\">\n<li>Ser\u00e3o eleitos para diretoria da Associa\u00e7\u00e3o dos Pescadores de Boi\u00e7ucanga, chapas que n\u00e3o estejam juridicamente constitu\u00eddas, contendo 06 (seis) membros assim discriminados: 01 (um) Presidente, 01 (um) Vice-Presidente, 02 (dois) secret\u00e1rios e 02 (dois) tesoureiros, 03 (tr\u00eas) componentes do Conselho Fiscal e 03 (tr\u00eas) suplentes.<\/li>\n\n\n\n<li>As inscri\u00e7\u00f5es de chapas ser\u00e3o realizadas junto ao Rancho (pra\u00e7a dos pescadores), sito \u00e0 Rua Hilari\u00e3o Cris\u00f3logo de Matos, 01, Boi\u00e7ucanga, S\u00e3o Sebasti\u00e3o-SP, juntamente com a Comiss\u00e3o Eleitoral da Associa\u00e7\u00e3o dos Pescadores, no per\u00edodo de 20\/02\/2025 \u00e0 26\/02\/2025, das 09:00 \u00e0s 13:00.<\/li>\n\n\n\n<li>As fichas de inscri\u00e7\u00f5es ser\u00e3o preenchidas em 02 (duas) vias, devendo conter os seguintes documentos: <strong>a) \u2013 <\/strong>Rela\u00e7\u00e3o dos candidatos; <strong>b) \u2013 <\/strong>Ficha de Inscri\u00e7\u00e3o de cada membro das chapas devidamente preenchidas; <strong>c) \u2013 <\/strong>Documento pessoal com foto; <strong>d) \u2013 <\/strong>C\u00f3pia do comprovante de resid\u00eancia.<\/li>\n<\/ol>\n\n\n\n<p class=\"wp-block-paragraph\">Par\u00e1grafo Primeiro \u2013 A ficha de inscri\u00e7\u00e3o da chapa dever\u00e1 ser assinada pelo candidato a presidente, devendo conter obrigatoriamente a denomina\u00e7\u00e3o da referida chapa;<\/p>\n\n\n\n<p class=\"wp-block-paragraph\">Par\u00e1grafo Segundo \u2013 Para concorrer a qualquer dos cargos da Diretoria da Associa\u00e7\u00e3o, dever\u00e1 o interessado ter no m\u00ednimo 18 (dezoito) anos completos na data da inscri\u00e7\u00e3o, ser s\u00f3cio da Associa\u00e7\u00e3o dos Pescadores de Boi\u00e7ucanga.<\/p>\n\n\n\n<ul class=\"wp-block-list\">\n<li>O n\u00famero atribu\u00eddo a cada uma das chapas deve ser definido pela ordem de protocolo da inscri\u00e7\u00e3o;<\/li>\n\n\n\n<li>Transcorrido o prazo das inscri\u00e7\u00f5es, os candidatos ter\u00e3o o prazo de 05 (cinco) dias para apresentar impugna\u00e7\u00e3o (por escrito) referente a inscri\u00e7\u00e3o de chapa ou candidato, que dever\u00e1 ser analisada e julgada pela Comiss\u00e3o Eleitoral.<\/li>\n\n\n\n<li>A Elei\u00e7\u00e3o ocorrer\u00e1 no dia 27 de fevereiro de 2025, das 09:00 \u00e0s 17:00, no local pr\u00e9-estipulado pela Comiss\u00e3o Eleitoral, sito \u00e0 Rua Hilari\u00e3o Cris\u00f3logo de Matos, 01, Boi\u00e7ucanga, S\u00e3o Sebasti\u00e3o-SP.<\/li>\n\n\n\n<li>Para controle e confer\u00eancia dos eleitores ser\u00e1 utilizado o livro de presen\u00e7a;<\/li>\n\n\n\n<li>Poder\u00e1 votar qualquer cidad\u00e3o que mantiver v\u00ednculo com Associa\u00e7\u00e3o dos Pescadores de Boi\u00e7ucanga (associados), devidamente comprovado;<\/li>\n\n\n\n<li>Ter\u00e1 direito de votar aquele que possuir, na data das elei\u00e7\u00f5es 16 (dezesseis) anos de idade, munido de documento com foto;<\/li>\n\n\n\n<li>Cada associado ter\u00e1 direito a apenas 01 (um) voto;<\/li>\n\n\n\n<li>A apura\u00e7\u00e3o do resultado ser\u00e1 feita pela Junta Eleitoral, logo ap\u00f3s o encerramento da vota\u00e7\u00e3o, e dever\u00e1 ser realizada na presen\u00e7a de, no m\u00ednimo, um fiscal de cada chapa, mediante elabora\u00e7\u00e3o de Ata constando o resultado da apura\u00e7\u00e3o, bem como a assinatura de todos os presentes;<\/li>\n\n\n\n<li>Ser\u00e1 declarada vencedora a chapa que obtiver maioria simples dos votos v\u00e1lidos, com qualquer qu\u00f3rum de votantes;<\/li>\n\n\n\n<li>A posse da Diretoria eleita para o tri\u00eanio 2022-2025 ocorrer\u00e1 no terceiro dia \u00fatil ap\u00f3s a elei\u00e7\u00e3o;<\/li>\n\n\n\n<li>Quando houver apenas uma chapa inscrita, esta ser\u00e1 declarada automaticamente vencedora por aclama\u00e7\u00e3o n\u00e3o necessitando existir processo de elei\u00e7\u00e3o;<\/li>\n<\/ul>\n\n\n\n<p class=\"wp-block-paragraph\">                                                            S\u00e3o Sebasti\u00e3o, 12 de fevereiro de 2025<\/p>\n\n\n\n<p class=\"wp-block-paragraph\">                                                               <strong><em>Ademil Flavio de Matos<\/em><\/strong>  &#8211;  Presidente                                                                                        <\/p>\n\n\n\n<p class=\"wp-block-paragraph\"><\/p>\n","protected":false},"excerpt":{"rendered":"<p>As elei\u00e7\u00f5es para a escolha dos membros da Diretoria e do Conselho Fiscal, da Associa\u00e7\u00e3o dos Pescadores de Boi\u00e7ucanga, para mandato de 03 (tr\u00eas) anos, ser\u00e3o realizadas nos seguintes termos: Par\u00e1grafo Primeiro \u2013 A ficha de inscri\u00e7\u00e3o da chapa dever\u00e1 ser assinada pelo candidato a presidente, devendo conter obrigatoriamente a denomina\u00e7\u00e3o da referida chapa; Par\u00e1grafo [&hellip;]<\/p>\n","protected":false},"author":2,"featured_media":0,"comment_status":"open","ping_status":"open","sticky":false,"template":"","format":"standard","meta":{"_jetpack_newsletter_access":"","_jetpack_dont_email_post_to_subs":false,"_jetpack_newsletter_tier_id":0,"_jetpack_memberships_contains_paywalled_content":false,"_jetpack_feature_clip_id":0,"_jetpack_memberships_contains_paid_content":false,"footnotes":"","jetpack_publicize_message":"","jetpack_publicize_feature_enabled":true,"jetpack_social_post_already_shared":true,"jetpack_social_options":{"image_generator_settings":{"template":"highway","default_image_id":0,"font":"","enabled":false},"version":2},"jetpack_post_was_ever_published":false},"categories":[1],"tags":[],"class_list":["post-4574","post","type-post","status-publish","format-standard","hentry","category-noticias"],"yoast_head":"<!-- This site is optimized with the Yoast SEO plugin v28.3 - https:\/\/yoast.com\/product\/yoast-seo-wordpress\/ -->\n<title>Edital de convoca\u00e7\u00e3o das elei\u00e7\u00f5es de Diretores da Associa\u00e7\u00e3o dos Pescadores de Boi\u00e7ucanga, S\u00e3o Sebasti\u00e3o-SP para o tr\u00eanio 2025\/2028 - O Bandeirante<\/title>\n<meta name=\"robots\" content=\"index, follow, max-snippet:-1, max-image-preview:large, max-video-preview:-1\" \/>\n<link rel=\"canonical\" href=\"https:\/\/obandeirante.com.br\/?p=4574\" \/>\n<meta property=\"og:locale\" content=\"pt_BR\" \/>\n<meta property=\"og:type\" content=\"article\" \/>\n<meta property=\"og:title\" content=\"Edital de convoca\u00e7\u00e3o das elei\u00e7\u00f5es de Diretores da Associa\u00e7\u00e3o dos Pescadores de Boi\u00e7ucanga, S\u00e3o Sebasti\u00e3o-SP para o tr\u00eanio 2025\/2028 - O Bandeirante\" \/>\n<meta property=\"og:description\" content=\"As elei\u00e7\u00f5es para a escolha dos membros da Diretoria e do Conselho Fiscal, da Associa\u00e7\u00e3o dos Pescadores de Boi\u00e7ucanga, para mandato de 03 (tr\u00eas) anos, ser\u00e3o realizadas nos seguintes termos: Par\u00e1grafo Primeiro \u2013 A ficha de inscri\u00e7\u00e3o da chapa dever\u00e1 ser assinada pelo candidato a presidente, devendo conter obrigatoriamente a denomina\u00e7\u00e3o da referida chapa; Par\u00e1grafo [&hellip;]\" \/>\n<meta property=\"og:url\" content=\"https:\/\/obandeirante.com.br\/?p=4574\" \/>\n<meta property=\"og:site_name\" content=\"O Bandeirante\" \/>\n<meta property=\"article:published_time\" content=\"2025-02-12T21:12:32+00:00\" \/>\n<meta name=\"author\" content=\"Luzia Prado\" \/>\n<meta name=\"twitter:card\" content=\"summary_large_image\" \/>\n<meta name=\"twitter:label1\" content=\"Written by\" \/>\n\t<meta name=\"twitter:data1\" content=\"Luzia Prado\" \/>\n\t<meta name=\"twitter:label2\" content=\"Est. reading time\" \/>\n\t<meta name=\"twitter:data2\" content=\"3 minutos\" \/>\n<script type=\"application\/ld+json\" class=\"yoast-schema-graph\">{\"@context\":\"https:\\\/\\\/schema.org\",\"@graph\":[{\"@type\":\"Article\",\"@id\":\"https:\\\/\\\/obandeirante.com.br\\\/?p=4574#article\",\"isPartOf\":{\"@id\":\"https:\\\/\\\/obandeirante.com.br\\\/?p=4574\"},\"author\":{\"name\":\"Luzia Prado\",\"@id\":\"https:\\\/\\\/obandeirante.com.br\\\/#\\\/schema\\\/person\\\/d2124cbf4e064c6415fc29024d82b0c5\"},\"headline\":\"Edital de convoca\u00e7\u00e3o das elei\u00e7\u00f5es de Diretores da Associa\u00e7\u00e3o dos Pescadores de Boi\u00e7ucanga, S\u00e3o Sebasti\u00e3o-SP para o tr\u00eanio 2025\\\/2028\",\"datePublished\":\"2025-02-12T21:12:32+00:00\",\"mainEntityOfPage\":{\"@id\":\"https:\\\/\\\/obandeirante.com.br\\\/?p=4574\"},\"wordCount\":545,\"commentCount\":0,\"articleSection\":[\"Not\u00edcias\"],\"inLanguage\":\"pt-BR\",\"potentialAction\":[{\"@type\":\"CommentAction\",\"name\":\"Comment\",\"target\":[\"https:\\\/\\\/obandeirante.com.br\\\/?p=4574#respond\"]}]},{\"@type\":\"WebPage\",\"@id\":\"https:\\\/\\\/obandeirante.com.br\\\/?p=4574\",\"url\":\"https:\\\/\\\/obandeirante.com.br\\\/?p=4574\",\"name\":\"Edital de convoca\u00e7\u00e3o das elei\u00e7\u00f5es de Diretores da Associa\u00e7\u00e3o dos Pescadores de Boi\u00e7ucanga, S\u00e3o Sebasti\u00e3o-SP para o tr\u00eanio 2025\\\/2028 - O Bandeirante\",\"isPartOf\":{\"@id\":\"https:\\\/\\\/obandeirante.com.br\\\/#website\"},\"datePublished\":\"2025-02-12T21:12:32+00:00\",\"author\":{\"@id\":\"https:\\\/\\\/obandeirante.com.br\\\/#\\\/schema\\\/person\\\/d2124cbf4e064c6415fc29024d82b0c5\"},\"breadcrumb\":{\"@id\":\"https:\\\/\\\/obandeirante.com.br\\\/?p=4574#breadcrumb\"},\"inLanguage\":\"pt-BR\",\"potentialAction\":[{\"@type\":\"ReadAction\",\"target\":[\"https:\\\/\\\/obandeirante.com.br\\\/?p=4574\"]}]},{\"@type\":\"BreadcrumbList\",\"@id\":\"https:\\\/\\\/obandeirante.com.br\\\/?p=4574#breadcrumb\",\"itemListElement\":[{\"@type\":\"ListItem\",\"position\":1,\"name\":\"Home\",\"item\":\"https:\\\/\\\/obandeirante.com.br\\\/\"},{\"@type\":\"ListItem\",\"position\":2,\"name\":\"Edital de convoca\u00e7\u00e3o das elei\u00e7\u00f5es de Diretores da Associa\u00e7\u00e3o dos Pescadores de Boi\u00e7ucanga, S\u00e3o Sebasti\u00e3o-SP para o tr\u00eanio 2025\\\/2028\"}]},{\"@type\":\"WebSite\",\"@id\":\"https:\\\/\\\/obandeirante.com.br\\\/#website\",\"url\":\"https:\\\/\\\/obandeirante.com.br\\\/\",\"name\":\"O Bandeirante\",\"description\":\"O jornal de S\u00e3o Sebasti\u00e3o e Litoral Norte\",\"potentialAction\":[{\"@type\":\"SearchAction\",\"target\":{\"@type\":\"EntryPoint\",\"urlTemplate\":\"https:\\\/\\\/obandeirante.com.br\\\/?s={search_term_string}\"},\"query-input\":{\"@type\":\"PropertyValueSpecification\",\"valueRequired\":true,\"valueName\":\"search_term_string\"}}],\"inLanguage\":\"pt-BR\"},{\"@type\":\"Person\",\"@id\":\"https:\\\/\\\/obandeirante.com.br\\\/#\\\/schema\\\/person\\\/d2124cbf4e064c6415fc29024d82b0c5\",\"name\":\"Luzia Prado\",\"image\":{\"@type\":\"ImageObject\",\"inLanguage\":\"pt-BR\",\"@id\":\"https:\\\/\\\/secure.gravatar.com\\\/avatar\\\/91b344e1dbaefb6ba36ff2b02042a006ce40f7451110486c2719dcbeb77e6f6f?s=96&d=mm&r=g\",\"url\":\"https:\\\/\\\/secure.gravatar.com\\\/avatar\\\/91b344e1dbaefb6ba36ff2b02042a006ce40f7451110486c2719dcbeb77e6f6f?s=96&d=mm&r=g\",\"contentUrl\":\"https:\\\/\\\/secure.gravatar.com\\\/avatar\\\/91b344e1dbaefb6ba36ff2b02042a006ce40f7451110486c2719dcbeb77e6f6f?s=96&d=mm&r=g\",\"caption\":\"Luzia Prado\"},\"sameAs\":[\"http:\\\/\\\/www.obandeirante.com.br\"],\"url\":\"https:\\\/\\\/obandeirante.com.br\\\/?author=2\"}]}<\/script>\n<!-- \/ Yoast SEO plugin. -->","yoast_head_json":{"title":"Edital de convoca\u00e7\u00e3o das elei\u00e7\u00f5es de Diretores da Associa\u00e7\u00e3o dos Pescadores de Boi\u00e7ucanga, S\u00e3o Sebasti\u00e3o-SP para o tr\u00eanio 2025\/2028 - O Bandeirante","robots":{"index":"index","follow":"follow","max-snippet":"max-snippet:-1","max-image-preview":"max-image-preview:large","max-video-preview":"max-video-preview:-1"},"canonical":"https:\/\/obandeirante.com.br\/?p=4574","og_locale":"pt_BR","og_type":"article","og_title":"Edital de convoca\u00e7\u00e3o das elei\u00e7\u00f5es de Diretores da Associa\u00e7\u00e3o dos Pescadores de Boi\u00e7ucanga, S\u00e3o Sebasti\u00e3o-SP para o tr\u00eanio 2025\/2028 - O Bandeirante","og_description":"As elei\u00e7\u00f5es para a escolha dos membros da Diretoria e do Conselho Fiscal, da Associa\u00e7\u00e3o dos Pescadores de Boi\u00e7ucanga, para mandato de 03 (tr\u00eas) anos, ser\u00e3o realizadas nos seguintes termos: Par\u00e1grafo Primeiro \u2013 A ficha de inscri\u00e7\u00e3o da chapa dever\u00e1 ser assinada pelo candidato a presidente, devendo conter obrigatoriamente a denomina\u00e7\u00e3o da referida chapa; Par\u00e1grafo [&hellip;]","og_url":"https:\/\/obandeirante.com.br\/?p=4574","og_site_name":"O Bandeirante","article_published_time":"2025-02-12T21:12:32+00:00","author":"Luzia Prado","twitter_card":"summary_large_image","twitter_misc":{"Written by":"Luzia Prado","Est. reading time":"3 minutos"},"schema":{"@context":"https:\/\/schema.org","@graph":[{"@type":"Article","@id":"https:\/\/obandeirante.com.br\/?p=4574#article","isPartOf":{"@id":"https:\/\/obandeirante.com.br\/?p=4574"},"author":{"name":"Luzia Prado","@id":"https:\/\/obandeirante.com.br\/#\/schema\/person\/d2124cbf4e064c6415fc29024d82b0c5"},"headline":"Edital de convoca\u00e7\u00e3o das elei\u00e7\u00f5es de Diretores da Associa\u00e7\u00e3o dos Pescadores de Boi\u00e7ucanga, S\u00e3o Sebasti\u00e3o-SP para o tr\u00eanio 2025\/2028","datePublished":"2025-02-12T21:12:32+00:00","mainEntityOfPage":{"@id":"https:\/\/obandeirante.com.br\/?p=4574"},"wordCount":545,"commentCount":0,"articleSection":["Not\u00edcias"],"inLanguage":"pt-BR","potentialAction":[{"@type":"CommentAction","name":"Comment","target":["https:\/\/obandeirante.com.br\/?p=4574#respond"]}]},{"@type":"WebPage","@id":"https:\/\/obandeirante.com.br\/?p=4574","url":"https:\/\/obandeirante.com.br\/?p=4574","name":"Edital de convoca\u00e7\u00e3o das elei\u00e7\u00f5es de Diretores da Associa\u00e7\u00e3o dos Pescadores de Boi\u00e7ucanga, S\u00e3o Sebasti\u00e3o-SP para o tr\u00eanio 2025\/2028 - O Bandeirante","isPartOf":{"@id":"https:\/\/obandeirante.com.br\/#website"},"datePublished":"2025-02-12T21:12:32+00:00","author":{"@id":"https:\/\/obandeirante.com.br\/#\/schema\/person\/d2124cbf4e064c6415fc29024d82b0c5"},"breadcrumb":{"@id":"https:\/\/obandeirante.com.br\/?p=4574#breadcrumb"},"inLanguage":"pt-BR","potentialAction":[{"@type":"ReadAction","target":["https:\/\/obandeirante.com.br\/?p=4574"]}]},{"@type":"BreadcrumbList","@id":"https:\/\/obandeirante.com.br\/?p=4574#breadcrumb","itemListElement":[{"@type":"ListItem","position":1,"name":"Home","item":"https:\/\/obandeirante.com.br\/"},{"@type":"ListItem","position":2,"name":"Edital de convoca\u00e7\u00e3o das elei\u00e7\u00f5es de Diretores da Associa\u00e7\u00e3o dos Pescadores de Boi\u00e7ucanga, S\u00e3o Sebasti\u00e3o-SP para o tr\u00eanio 2025\/2028"}]},{"@type":"WebSite","@id":"https:\/\/obandeirante.com.br\/#website","url":"https:\/\/obandeirante.com.br\/","name":"O Bandeirante","description":"O jornal de S\u00e3o Sebasti\u00e3o e Litoral Norte","potentialAction":[{"@type":"SearchAction","target":{"@type":"EntryPoint","urlTemplate":"https:\/\/obandeirante.com.br\/?s={search_term_string}"},"query-input":{"@type":"PropertyValueSpecification","valueRequired":true,"valueName":"search_term_string"}}],"inLanguage":"pt-BR"},{"@type":"Person","@id":"https:\/\/obandeirante.com.br\/#\/schema\/person\/d2124cbf4e064c6415fc29024d82b0c5","name":"Luzia Prado","image":{"@type":"ImageObject","inLanguage":"pt-BR","@id":"https:\/\/secure.gravatar.com\/avatar\/91b344e1dbaefb6ba36ff2b02042a006ce40f7451110486c2719dcbeb77e6f6f?s=96&d=mm&r=g","url":"https:\/\/secure.gravatar.com\/avatar\/91b344e1dbaefb6ba36ff2b02042a006ce40f7451110486c2719dcbeb77e6f6f?s=96&d=mm&r=g","contentUrl":"https:\/\/secure.gravatar.com\/avatar\/91b344e1dbaefb6ba36ff2b02042a006ce40f7451110486c2719dcbeb77e6f6f?s=96&d=mm&r=g","caption":"Luzia Prado"},"sameAs":["http:\/\/www.obandeirante.com.br"],"url":"https:\/\/obandeirante.com.br\/?author=2"}]}},"jetpack_publicize_connections":[],"jetpack_sharing_enabled":true,"jetpack_shortlink":"https:\/\/wp.me\/p8C55D-1bM","jetpack-related-posts":[],"jetpack_featured_media_url":"","_links":{"self":[{"href":"https:\/\/obandeirante.com.br\/index.php?rest_route=\/wp\/v2\/posts\/4574","targetHints":{"allow":["GET"]}}],"collection":[{"href":"https:\/\/obandeirante.com.br\/index.php?rest_route=\/wp\/v2\/posts"}],"about":[{"href":"https:\/\/obandeirante.com.br\/index.php?rest_route=\/wp\/v2\/types\/post"}],"author":[{"embeddable":true,"href":"https:\/\/obandeirante.com.br\/index.php?rest_route=\/wp\/v2\/users\/2"}],"replies":[{"embeddable":true,"href":"https:\/\/obandeirante.com.br\/index.php?rest_route=%2Fwp%2Fv2%2Fcomments&post=4574"}],"version-history":[{"count":1,"href":"https:\/\/obandeirante.com.br\/index.php?rest_route=\/wp\/v2\/posts\/4574\/revisions"}],"predecessor-version":[{"id":4575,"href":"https:\/\/obandeirante.com.br\/index.php?rest_route=\/wp\/v2\/posts\/4574\/revisions\/4575"}],"wp:attachment":[{"href":"https:\/\/obandeirante.com.br\/index.php?rest_route=%2Fwp%2Fv2%2Fmedia&parent=4574"}],"wp:term":[{"taxonomy":"category","embeddable":true,"href":"https:\/\/obandeirante.com.br\/index.php?rest_route=%2Fwp%2Fv2%2Fcategories&post=4574"},{"taxonomy":"post_tag","embeddable":true,"href":"https:\/\/obandeirante.com.br\/index.php?rest_route=%2Fwp%2Fv2%2Ftags&post=4574"}],"curies":[{"name":"wp","href":"https:\/\/api.w.org\/{rel}","templated":true}]}}